{"id":3581,"date":"2026-04-28T10:59:39","date_gmt":"2026-04-28T10:59:39","guid":{"rendered":"https:\/\/agdcentro.org\/wp\/?p=3581"},"modified":"2026-04-28T11:02:05","modified_gmt":"2026-04-28T11:02:05","slug":"trampolins-da-associacao-academica-de-coimbra-e-albigym-com-varios-podios-no-campeonato-nacional-de-dmt-e-tum","status":"publish","type":"post","link":"https:\/\/agdcentro.org\/wp\/trampolins-da-associacao-academica-de-coimbra-e-albigym-com-varios-podios-no-campeonato-nacional-de-dmt-e-tum\/","title":{"rendered":"Trampolins da Associa\u00e7\u00e3o Acad\u00e9mica de Coimbra e Albigym com V\u00e1rios P\u00f3dios no Campeonato Nacional de DMT e TUM"},"content":{"rendered":"\t\t<div data-elementor-type=\"wp-post\" data-elementor-id=\"3581\" class=\"elementor elementor-3581\">\n\t\t\t\t\t\t<section class=\"elementor-section elementor-top-section elementor-element elementor-element-1f8edad elementor-section-boxed elementor-section-height-default elementor-section-height-default\" data-id=\"1f8edad\" data-element_type=\"section\">\n\t\t\t\t\t\t<div class=\"elementor-container elementor-column-gap-default\">\n\t\t\t\t\t<div class=\"elementor-column elementor-col-100 elementor-top-column elementor-element elementor-element-1a1929a2\" data-id=\"1a1929a2\" data-element_type=\"column\">\n\t\t\t<div class=\"elementor-widget-wrap elementor-element-populated\">\n\t\t\t\t\t\t<div class=\"elementor-element elementor-element-4bd235a0 elementor-widget elementor-widget-text-editor\" data-id=\"4bd235a0\" data-element_type=\"widget\" data-widget_type=\"text-editor.default\">\n\t\t\t\t<div class=\"elementor-widget-container\">\n\t\t\t\t\t\t\t\t\tRealizou-se nos dias 25 e 26 de abril, em Vila do Conde, o Campeonato Nacional de Duplo Mini-Trampolim e Tumbling, reunindo ginastas de v\u00e1rios escal\u00f5es e clubes de todo o pa\u00eds.\nNa disciplina de Tumbling, no escal\u00e3o de Iniciados 1.\u00aa Divis\u00e3o, Gon\u00e7alo Santos, da Associa\u00e7\u00e3o Acad\u00e9mica de Coimbra, conquistou o 1.\u00ba lugar, enquanto Miguel Marques, do Albigym, terminou na 2.\u00aa posi\u00e7\u00e3o. No escal\u00e3o de Iniciados Base, Tiago Neves, do Albigym, alcan\u00e7ou o 1.\u00ba lugar, integrando tamb\u00e9m a equipa vencedora juntamente com Danilo Ribeiro e Francisco Martins.\nNo escal\u00e3o de Juniores 1.\u00aa Divis\u00e3o, Miguel Belo, do Albigym, conquistou o 1.\u00ba lugar, enquanto Ant\u00f3nio Louren\u00e7o, do mesmo clube, obteve o 3.\u00ba lugar. Em Juniores Base Femininos, Carolina Figueiredo, da Associa\u00e7\u00e3o Acad\u00e9mica de Coimbra, alcan\u00e7ou o 1.\u00ba lugar e Sofia Aguiar o 3.\u00ba, tendo a equipa composta por Carolina Figueiredo, Sofia Aguiar, Raquel Nolasco e Adriana Serra conquistado o 1.\u00ba lugar coletivo.\nNo escal\u00e3o de Juniores Elite Femininos, In\u00eas Castro, da Associa\u00e7\u00e3o Acad\u00e9mica de Coimbra, alcan\u00e7ou o 3.\u00ba lugar. Em Juvenis 1.\u00aa Divis\u00e3o, Matilde Marques, da Associa\u00e7\u00e3o Acad\u00e9mica de Coimbra, obteve o 2.\u00ba lugar, enquanto em Juvenis Base Femininos por equipas, a equipa constitu\u00edda por In\u00eas Tapada, Maria Carolina Ribeiro e Maria da Luz Ribeiro alcan\u00e7ou o 3.\u00ba lugar.\nNos Seniores 1.\u00aa Divis\u00e3o Femininos, Maria Madeira, da Associa\u00e7\u00e3o Acad\u00e9mica de Coimbra, conquistou o t\u00edtulo nacional e Mariana Aguilar alcan\u00e7ou o 3.\u00ba lugar, tendo a equipa composta por Maria Madeira, Mariana Aguilar, Mafalda Miranda e In\u00eas Feio obtido o 1.\u00ba lugar coletivo. Em Seniores Base Femininos, a equipa formada por Rita Jorge, Mafalda Cabral e Madalena Silva alcan\u00e7ou o 2.\u00ba lugar.\nNa disciplina de Duplo Mini-Trampolim, no escal\u00e3o de Iniciados Base, a equipa da Associa\u00e7\u00e3o Acad\u00e9mica de Coimbra constitu\u00edda por Andr\u00e9 Francisco, Henrique Martins, Tiago Feio e Jo\u00e3o Roque conquistou o 1.\u00ba lugar. No escal\u00e3o de Juniores Elite Masculinos, Nuno Correia, da Associa\u00e7\u00e3o Acad\u00e9mica de Coimbra, sagrou-se campe\u00e3o nacional. Em Juvenis Base, Margarida Feio, da Associa\u00e7\u00e3o Acad\u00e9mica de Coimbra, alcan\u00e7ou o 2.\u00ba lugar individual, integrando tamb\u00e9m a equipa vencedora juntamente com Joana Freitas e Maria Areias.\nPor fim, no escal\u00e3o de Seniores 1.\u00aa Divis\u00e3o Masculinos, Jos\u00e9 Rodrigues, da Associa\u00e7\u00e3o Acad\u00e9mica de Coimbra, conquistou o 1.\u00ba lugar.\nA competi\u00e7\u00e3o evidenciou o n\u00edvel competitivo da gin\u00e1stica de trampolins a n\u00edvel nacional, com ginastas da regi\u00e3o Centro a alcan\u00e7arem resultados de destaque. A Associa\u00e7\u00e3o de Gin\u00e1stica do Centro felicita todos os atletas e treinadores pelos resultados obtidos.\t\t\t\t\t\t\t\t<\/div>\n\t\t\t\t<\/div>\n\t\t\t\t\t<\/div>\n\t\t<\/div>\n\t\t\t\t\t<\/div>\n\t\t<\/section>\n\t\t\t\t<section class=\"elementor-section elementor-top-section elementor-element elementor-element-984bea4 elementor-section-boxed elementor-section-height-default elementor-section-height-default\" data-id=\"984bea4\" data-element_type=\"section\">\n\t\t\t\t\t\t<div class=\"elementor-container elementor-column-gap-default\">\n\t\t\t\t\t<div class=\"elementor-column elementor-col-100 elementor-top-column elementor-element elementor-element-4123bd3\" data-id=\"4123bd3\" data-element_type=\"column\">\n\t\t\t<div class=\"elementor-widget-wrap elementor-element-populated\">\n\t\t\t\t\t\t<div class=\"elementor-element elementor-element-699de63 elementor-widget elementor-widget-image\" data-id=\"699de63\" data-element_type=\"widget\" data-widget_type=\"image.default\">\n\t\t\t\t<div class=\"elementor-widget-container\">\n\t\t\t\t\t\t\t\t\t\t\t\t\t\t\t<img fetchpriority=\"high\" decoding=\"async\" width=\"1024\" height=\"768\" src=\"https:\/\/agdcentro.org\/wp\/wp-content\/uploads\/2026\/04\/Maria-Madeira-Mariana-Aguilar-Mafalda-Miranda-Ines-Feio-Equipa-Campea-nacional-TUM-Senior-1.a-Divisao-1024x768.jpeg\" class=\"attachment-large size-large wp-image-3584\" alt=\"\" srcset=\"https:\/\/agdcentro.org\/wp\/wp-content\/uploads\/2026\/04\/Maria-Madeira-Mariana-Aguilar-Mafalda-Miranda-Ines-Feio-Equipa-Campea-nacional-TUM-Senior-1.a-Divisao-1024x768.jpeg 1024w, https:\/\/agdcentro.org\/wp\/wp-content\/uploads\/2026\/04\/Maria-Madeira-Mariana-Aguilar-Mafalda-Miranda-Ines-Feio-Equipa-Campea-nacional-TUM-Senior-1.a-Divisao-300x225.jpeg 300w, https:\/\/agdcentro.org\/wp\/wp-content\/uploads\/2026\/04\/Maria-Madeira-Mariana-Aguilar-Mafalda-Miranda-Ines-Feio-Equipa-Campea-nacional-TUM-Senior-1.a-Divisao-768x576.jpeg 768w, https:\/\/agdcentro.org\/wp\/wp-content\/uploads\/2026\/04\/Maria-Madeira-Mariana-Aguilar-Mafalda-Miranda-Ines-Feio-Equipa-Campea-nacional-TUM-Senior-1.a-Divisao-1536x1152.jpeg 1536w, https:\/\/agdcentro.org\/wp\/wp-content\/uploads\/2026\/04\/Maria-Madeira-Mariana-Aguilar-Mafalda-Miranda-Ines-Feio-Equipa-Campea-nacional-TUM-Senior-1.a-Divisao.jpeg 1600w\" sizes=\"(max-width: 1024px) 100vw, 1024px\" \/>\t\t\t\t\t\t\t\t\t\t\t\t\t\t\t<\/div>\n\t\t\t\t<\/div>\n\t\t\t\t\t<\/div>\n\t\t<\/div>\n\t\t\t\t\t<\/div>\n\t\t<\/section>\n\t\t\t\t<\/div>\n\t\t","protected":false},"excerpt":{"rendered":"<p>Realizou-se nos dias 25 e 26 de abril, em Vila do Conde, o Campeonato Nacional de Duplo Mini-Trampolim e Tumbling, reunindo ginastas de v\u00e1rios escal\u00f5es e clubes de todo o pa\u00eds. Na disciplina de Tumbling, no escal\u00e3o de Iniciados 1.\u00aa Divis\u00e3o, Gon\u00e7alo Santos, da Associa\u00e7\u00e3o Acad\u00e9mica de Coimbra, conquistou o 1.\u00ba lugar, enquanto Miguel Marques, &#8230; <a title=\"Trampolins da Associa\u00e7\u00e3o Acad\u00e9mica de Coimbra e Albigym com V\u00e1rios P\u00f3dios no Campeonato Nacional de DMT e TUM\" class=\"read-more\" href=\"https:\/\/agdcentro.org\/wp\/trampolins-da-associacao-academica-de-coimbra-e-albigym-com-varios-podios-no-campeonato-nacional-de-dmt-e-tum\/\" aria-label=\"Leia mais sobre Trampolins da Associa\u00e7\u00e3o Acad\u00e9mica de Coimbra e Albigym com V\u00e1rios P\u00f3dios no Campeonato Nacional de DMT e TUM\">Ler mais<\/a><\/p>\n","protected":false},"author":1,"featured_media":3582,"comment_status":"open","ping_status":"open","sticky":false,"template":"","format":"standard","meta":{"footnotes":""},"categories":[1],"tags":[],"class_list":["post-3581","post","type-post","status-publish","format-standard","has-post-thumbnail","hentry","category-uncategorized"],"_links":{"self":[{"href":"https:\/\/agdcentro.org\/wp\/wp-json\/wp\/v2\/posts\/3581","targetHints":{"allow":["GET"]}}],"collection":[{"href":"https:\/\/agdcentro.org\/wp\/wp-json\/wp\/v2\/posts"}],"about":[{"href":"https:\/\/agdcentro.org\/wp\/wp-json\/wp\/v2\/types\/post"}],"author":[{"embeddable":true,"href":"https:\/\/agdcentro.org\/wp\/wp-json\/wp\/v2\/users\/1"}],"replies":[{"embeddable":true,"href":"https:\/\/agdcentro.org\/wp\/wp-json\/wp\/v2\/comments?post=3581"}],"version-history":[{"count":4,"href":"https:\/\/agdcentro.org\/wp\/wp-json\/wp\/v2\/posts\/3581\/revisions"}],"predecessor-version":[{"id":3587,"href":"https:\/\/agdcentro.org\/wp\/wp-json\/wp\/v2\/posts\/3581\/revisions\/3587"}],"wp:featuredmedia":[{"embeddable":true,"href":"https:\/\/agdcentro.org\/wp\/wp-json\/wp\/v2\/media\/3582"}],"wp:attachment":[{"href":"https:\/\/agdcentro.org\/wp\/wp-json\/wp\/v2\/media?parent=3581"}],"wp:term":[{"taxonomy":"category","embeddable":true,"href":"https:\/\/agdcentro.org\/wp\/wp-json\/wp\/v2\/categories?post=3581"},{"taxonomy":"post_tag","embeddable":true,"href":"https:\/\/agdcentro.org\/wp\/wp-json\/wp\/v2\/tags?post=3581"}],"curies":[{"name":"wp","href":"https:\/\/api.w.org\/{rel}","templated":true}]}}